{"id":1154,"date":"2023-12-19T07:34:49","date_gmt":"2023-12-19T07:34:49","guid":{"rendered":"https:\/\/ofycumi.com\/?p=1154"},"modified":"2023-12-19T07:36:14","modified_gmt":"2023-12-19T07:36:14","slug":"javier-larraz-lopez-reelegido-presidente-de-ofycumi","status":"publish","type":"post","link":"https:\/\/ofycumi.com\/index.php\/2023\/12\/19\/javier-larraz-lopez-reelegido-presidente-de-ofycumi\/","title":{"rendered":"Javier Larraz L\u00f3pez reelegido presidente de Ofycumi"},"content":{"rendered":"\t\t<div data-elementor-type=\"wp-post\" data-elementor-id=\"1154\" class=\"elementor elementor-1154\">\n\t\t\t\t\t\t\t<div class=\"elementor-element elementor-element-b370830 e-flex e-con-boxed e-con e-parent\" data-id=\"b370830\" data-element_type=\"container\" data-settings=\"{&quot;content_width&quot;:&quot;boxed&quot;}\" data-core-v316-plus=\"true\">\n\t\t\t\t\t<div class=\"e-con-inner\">\n\t\t\t\t<div class=\"elementor-element elementor-element-18a2960 elementor-widget elementor-widget-image\" data-id=\"18a2960\" data-element_type=\"widget\" data-widget_type=\"image.default\">\n\t\t\t\t<div class=\"elementor-widget-container\">\n\t\t\t<style>\/*! elementor - v3.16.0 - 20-09-2023 *\/\n.elementor-widget-image{text-align:center}.elementor-widget-image a{display:inline-block}.elementor-widget-image a img[src$=\".svg\"]{width:48px}.elementor-widget-image img{vertical-align:middle;display:inline-block}<\/style>\t\t\t\t\t\t\t\t\t\t\t\t<img loading=\"lazy\" decoding=\"async\" width=\"800\" height=\"600\" src=\"https:\/\/ofycumi.com\/wp-content\/uploads\/2023\/12\/WhatsApp-Image-2023-12-14-at-18.54.57.jpeg\" class=\"attachment-large size-large wp-image-1157\" alt=\"\" srcset=\"https:\/\/ofycumi.com\/wp-content\/uploads\/2023\/12\/WhatsApp-Image-2023-12-14-at-18.54.57.jpeg 1024w, https:\/\/ofycumi.com\/wp-content\/uploads\/2023\/12\/WhatsApp-Image-2023-12-14-at-18.54.57-300x225.jpeg 300w, https:\/\/ofycumi.com\/wp-content\/uploads\/2023\/12\/WhatsApp-Image-2023-12-14-at-18.54.57-768x576.jpeg 768w\" sizes=\"auto, (max-width: 800px) 100vw, 800px\" \/>\t\t\t\t\t\t\t\t\t\t\t\t\t\t\t<\/div>\n\t\t\t\t<\/div>\n\t\t\t\t<div class=\"elementor-element elementor-element-7288fa0 elementor-widget elementor-widget-text-editor\" data-id=\"7288fa0\" data-element_type=\"widget\" data-widget_type=\"text-editor.default\">\n\t\t\t\t<div class=\"elementor-widget-container\">\n\t\t\t<style>\/*! elementor - v3.16.0 - 20-09-2023 *\/\n.elementor-widget-text-editor.elementor-drop-cap-view-stacked .elementor-drop-cap{background-color:#69727d;color:#fff}.elementor-widget-text-editor.elementor-drop-cap-view-framed .elementor-drop-cap{color:#69727d;border:3px solid;background-color:transparent}.elementor-widget-text-editor:not(.elementor-drop-cap-view-default) .elementor-drop-cap{margin-top:8px}.elementor-widget-text-editor:not(.elementor-drop-cap-view-default) .elementor-drop-cap-letter{width:1em;height:1em}.elementor-widget-text-editor .elementor-drop-cap{float:left;text-align:center;line-height:1;font-size:50px}.elementor-widget-text-editor .elementor-drop-cap-letter{display:inline-block}<\/style>\t\t\t\t<p><strong>En la Asamblea General Extraordinaria de Ofycumi celebrada en la tarde de hoy en la sede comarcal de Cuencas Mineras en la localidad de Utrillas, se ha renovado la Junta Directiva de la Asociaci\u00f3n, siendo reelegida la presidencia como la propia instituci\u00f3n comarcal y, por tanto, su presidente Javier Larraz L\u00f3pez, seguir\u00e1 siendo el presidente de Ofycumi.<\/strong><\/p><p><strong>Tras una primera elecci\u00f3n de miembros en funci\u00f3n del sector al que se pertenece (entidad p\u00fablica, asociaci\u00f3n de g\u00e9nero, asociaci\u00f3n juvenil, asociaci\u00f3n general, sindicato general, sindicato agrario y empresariado), en los que comarca Cuencas Mineras es miembro permanente y se eligen a los otros 12 integrantes, se proced\u00eda a celebrarse junta directiva, en la que la \u00fanica candidatura a presidencia fue la de Javier Larraz, que una vez proclamado presidente decidi\u00f3 los cargos que ocupaban el resto de miembros, quedando de la siguiente manera:<\/strong><\/p><p><strong>\u2013 Presidencia: Comarca Cuencas Mineras, Javier Larraz L\u00f3pez<\/strong><\/p><p><strong>\u2013 Vicepresidencia 1\u00aa: Asoc. Empresarios Cuencas Mineras. Dina Sancho<\/strong><\/p><p><strong>-Vicepresidencia 2\u00aa. Ayuntamiento de Montalb\u00e1n. Rub\u00e9n Navarro<\/strong><\/p><p><strong>-Secretar\u00eda: Comisiones Obreras<\/strong><\/p><p><strong>\u2013 Tesorer\u00eda: Excmo. Ayuntamiento de Utrillas<\/strong><\/p><p><strong>\u2013 Vocal\u00edas: ATADI, Mayorales de Montalb\u00e1n, UPA, Asociaci\u00f3n Mujeres ISIS, Ayto. Cortes de Arag\u00f3n, Ayto. Ca\u00f1izar del Olivar, Ayto. Hinojosa de Jarque y Motoclub Despiste<\/strong><\/p><p><strong>Las anteriores elecciones fueron el 29 de Enero de 2020, por lo que tocaba renovaci\u00f3n de cargos en base a los estatutos de la asociaci\u00f3n que obligan a renovaci\u00f3n cada 4 a\u00f1os. En vista de que el nuevo periodo LEADER est\u00e1 a punto de comenzar (s\u00f3lo falta la publicaci\u00f3n de la Orden en el BOA), se ha elegido adelantar un mes las elecciones para que la nueva junta directiva empiece a la vez que el periodo LEADER 2023\/27 donde Ofycumi gestionar\u00e1 2.266.746\u20ac<\/strong><\/p><p><strong>Javier Larraz llevaba ejerciendo el cargo de presidente de Ofycumi desde que sustituy\u00f3 en el cargo de presidente comarcal a Jose Maria Merino Abad, tras las elecciones locales del 27 de Mayo y la posterior toma de posesi\u00f3n en el mes de Julio.<\/strong><\/p>\t\t\t\t\t\t<\/div>\n\t\t\t\t<\/div>\n\t\t\t\t\t<\/div>\n\t\t\t\t<\/div>\n\t\t<div class=\"elementor-element elementor-element-6deca75 e-flex e-con-boxed e-con e-parent\" data-id=\"6deca75\" data-element_type=\"container\" data-settings=\"{&quot;content_width&quot;:&quot;boxed&quot;}\" data-core-v316-plus=\"true\">\n\t\t\t\t\t<div class=\"e-con-inner\">\n\t\t\t\t\t<\/div>\n\t\t\t\t<\/div>\n\t\t\t\t\t\t\t<\/div>\n\t\t","protected":false},"excerpt":{"rendered":"<p>En la Asamblea General Extraordinaria de Ofycumi celebrada en la tarde de hoy en la sede comarcal de Cuencas Mineras en la localidad de Utrillas, se ha renovado la Junta Directiva de la Asociaci\u00f3n, siendo reelegida la presidencia como la propia instituci\u00f3n comarcal y, por tanto, su presidente Javier Larraz L\u00f3pez, seguir\u00e1 siendo el presidente [&hellip;]<\/p>\n","protected":false},"author":1,"featured_media":0,"comment_status":"open","ping_status":"open","sticky":false,"template":"","format":"standard","meta":{"footnotes":""},"categories":[1],"tags":[],"class_list":["post-1154","post","type-post","status-publish","format-standard","hentry","category-uncategorized"],"_links":{"self":[{"href":"https:\/\/ofycumi.com\/index.php\/wp-json\/wp\/v2\/posts\/1154","targetHints":{"allow":["GET"]}}],"collection":[{"href":"https:\/\/ofycumi.com\/index.php\/wp-json\/wp\/v2\/posts"}],"about":[{"href":"https:\/\/ofycumi.com\/index.php\/wp-json\/wp\/v2\/types\/post"}],"author":[{"embeddable":true,"href":"https:\/\/ofycumi.com\/index.php\/wp-json\/wp\/v2\/users\/1"}],"replies":[{"embeddable":true,"href":"https:\/\/ofycumi.com\/index.php\/wp-json\/wp\/v2\/comments?post=1154"}],"version-history":[{"count":5,"href":"https:\/\/ofycumi.com\/index.php\/wp-json\/wp\/v2\/posts\/1154\/revisions"}],"predecessor-version":[{"id":1160,"href":"https:\/\/ofycumi.com\/index.php\/wp-json\/wp\/v2\/posts\/1154\/revisions\/1160"}],"wp:attachment":[{"href":"https:\/\/ofycumi.com\/index.php\/wp-json\/wp\/v2\/media?parent=1154"}],"wp:term":[{"taxonomy":"category","embeddable":true,"href":"https:\/\/ofycumi.com\/index.php\/wp-json\/wp\/v2\/categories?post=1154"},{"taxonomy":"post_tag","embeddable":true,"href":"https:\/\/ofycumi.com\/index.php\/wp-json\/wp\/v2\/tags?post=1154"}],"curies":[{"name":"wp","href":"https:\/\/api.w.org\/{rel}","templated":true}]}}