{"id":1711,"date":"2024-08-13T06:32:28","date_gmt":"2024-08-13T06:32:28","guid":{"rendered":"https:\/\/ofycumi.com\/?p=1711"},"modified":"2024-08-13T06:44:31","modified_gmt":"2024-08-13T06:44:31","slug":"ofycumi-celebra-el-iii-dia-del-cid-de-huesa-del-comun-con-un-recital-del-cantar-del-mio-cid","status":"publish","type":"post","link":"https:\/\/ofycumi.com\/index.php\/2024\/08\/13\/ofycumi-celebra-el-iii-dia-del-cid-de-huesa-del-comun-con-un-recital-del-cantar-del-mio-cid\/","title":{"rendered":"OFYCUMI CELEBRA EL III D\u00cdA DEL CID DE HUESA DEL COM\u00daN CON UN RECITAL DEL CANTAR DEL M\u00cdO CID"},"content":{"rendered":"\t\t<div data-elementor-type=\"wp-post\" data-elementor-id=\"1711\" class=\"elementor elementor-1711\">\n\t\t\t\t\t\t\t<div class=\"elementor-element elementor-element-6bbddb3 e-flex e-con-boxed e-con e-parent\" data-id=\"6bbddb3\" data-element_type=\"container\" data-settings=\"{&quot;content_width&quot;:&quot;boxed&quot;}\" data-core-v316-plus=\"true\">\n\t\t\t\t\t<div class=\"e-con-inner\">\n\t\t\t\t<div class=\"elementor-element elementor-element-b4ba923 elementor-widget elementor-widget-text-editor\" data-id=\"b4ba923\" data-element_type=\"widget\" data-widget_type=\"text-editor.default\">\n\t\t\t\t<div class=\"elementor-widget-container\">\n\t\t\t<style>\/*! elementor - v3.16.0 - 20-09-2023 *\/\n.elementor-widget-text-editor.elementor-drop-cap-view-stacked .elementor-drop-cap{background-color:#69727d;color:#fff}.elementor-widget-text-editor.elementor-drop-cap-view-framed .elementor-drop-cap{color:#69727d;border:3px solid;background-color:transparent}.elementor-widget-text-editor:not(.elementor-drop-cap-view-default) .elementor-drop-cap{margin-top:8px}.elementor-widget-text-editor:not(.elementor-drop-cap-view-default) .elementor-drop-cap-letter{width:1em;height:1em}.elementor-widget-text-editor .elementor-drop-cap{float:left;text-align:center;line-height:1;font-size:50px}.elementor-widget-text-editor .elementor-drop-cap-letter{display:inline-block}<\/style>\t\t\t\t<p><strong>El pasado viernes 9\u00a0 de Agosto Ofycumi organiz\u00f3, en Huesa de Com\u00fan, una lectura del Cantar del M\u00edo Cid dentro del Programa Fomento de la Lectura y, enmarcado dentro del III D\u00eda del Cid que organiz\u00f3 la Asociaci\u00f3n Cultural \u00abCastillo de Pe\u00f1aflor\u00bb<\/strong><\/p><p><strong>Fueron unas 10 personas las que se presentaron voluntarias para formar una cadena humana que leyese sin parar los versos de la famosa obra. El enclave era \u00fanico en la plaza del pueblo, bajo la hist\u00f3rica casa de la villa y ante la atenta mirada del Castillo de Pe\u00f1aflor.\u00a0<\/strong><\/p><p><strong>Los lectores prestaron voz y pasi\u00f3n a las aventuras del caballero Rodrigo D\u00edaz de Vivar y el p\u00fablico, de unas 120 personas, se entreg\u00f3 en su totalidad.\u00a0<\/strong><\/p><p><strong>El pueblo entero se estremeci\u00f3 cuando se llegaron a los versos donde se cuenta como el Cid Campeador paso por la Villa de Huesa del Com\u00fan.\u00a0<\/strong><\/p>\t\t\t\t\t\t<\/div>\n\t\t\t\t<\/div>\n\t\t\t\t\t<\/div>\n\t\t\t\t<\/div>\n\t\t<div class=\"elementor-element elementor-element-20b8f68 e-flex e-con-boxed e-con e-parent\" data-id=\"20b8f68\" data-element_type=\"container\" data-settings=\"{&quot;content_width&quot;:&quot;boxed&quot;}\" data-core-v316-plus=\"true\">\n\t\t\t\t\t<div class=\"e-con-inner\">\n\t\t\t\t<div class=\"elementor-element elementor-element-8658a58 elementor-widget elementor-widget-image\" data-id=\"8658a58\" data-element_type=\"widget\" data-widget_type=\"image.default\">\n\t\t\t\t<div class=\"elementor-widget-container\">\n\t\t\t<style>\/*! elementor - v3.16.0 - 20-09-2023 *\/\n.elementor-widget-image{text-align:center}.elementor-widget-image a{display:inline-block}.elementor-widget-image a img[src$=\".svg\"]{width:48px}.elementor-widget-image img{vertical-align:middle;display:inline-block}<\/style>\t\t\t\t\t\t\t\t\t\t\t\t<img loading=\"lazy\" decoding=\"async\" width=\"800\" height=\"600\" src=\"https:\/\/ofycumi.com\/wp-content\/uploads\/2024\/08\/IMG_5428-1024x768.jpg\" class=\"attachment-large size-large wp-image-1712\" alt=\"\" srcset=\"https:\/\/ofycumi.com\/wp-content\/uploads\/2024\/08\/IMG_5428-1024x768.jpg 1024w, https:\/\/ofycumi.com\/wp-content\/uploads\/2024\/08\/IMG_5428-300x225.jpg 300w, https:\/\/ofycumi.com\/wp-content\/uploads\/2024\/08\/IMG_5428-768x576.jpg 768w, https:\/\/ofycumi.com\/wp-content\/uploads\/2024\/08\/IMG_5428-1536x1152.jpg 1536w, https:\/\/ofycumi.com\/wp-content\/uploads\/2024\/08\/IMG_5428-2048x1536.jpg 2048w\" sizes=\"auto, (max-width: 800px) 100vw, 800px\" \/>\t\t\t\t\t\t\t\t\t\t\t\t\t\t\t<\/div>\n\t\t\t\t<\/div>\n\t\t\t\t\t<\/div>\n\t\t\t\t<\/div>\n\t\t\t\t\t\t\t<\/div>\n\t\t","protected":false},"excerpt":{"rendered":"<p>El pasado viernes 9\u00a0 de Agosto Ofycumi organiz\u00f3, en Huesa de Com\u00fan, una lectura del Cantar del M\u00edo Cid dentro del Programa Fomento de la Lectura y, enmarcado dentro del III D\u00eda del Cid que organiz\u00f3 la Asociaci\u00f3n Cultural \u00abCastillo de Pe\u00f1aflor\u00bb Fueron unas 10 personas las que se presentaron voluntarias para formar una cadena [&hellip;]<\/p>\n","protected":false},"author":2,"featured_media":0,"comment_status":"open","ping_status":"open","sticky":false,"template":"","format":"standard","meta":{"footnotes":""},"categories":[1],"tags":[],"class_list":["post-1711","post","type-post","status-publish","format-standard","hentry","category-uncategorized"],"_links":{"self":[{"href":"https:\/\/ofycumi.com\/index.php\/wp-json\/wp\/v2\/posts\/1711","targetHints":{"allow":["GET"]}}],"collection":[{"href":"https:\/\/ofycumi.com\/index.php\/wp-json\/wp\/v2\/posts"}],"about":[{"href":"https:\/\/ofycumi.com\/index.php\/wp-json\/wp\/v2\/types\/post"}],"author":[{"embeddable":true,"href":"https:\/\/ofycumi.com\/index.php\/wp-json\/wp\/v2\/users\/2"}],"replies":[{"embeddable":true,"href":"https:\/\/ofycumi.com\/index.php\/wp-json\/wp\/v2\/comments?post=1711"}],"version-history":[{"count":3,"href":"https:\/\/ofycumi.com\/index.php\/wp-json\/wp\/v2\/posts\/1711\/revisions"}],"predecessor-version":[{"id":1715,"href":"https:\/\/ofycumi.com\/index.php\/wp-json\/wp\/v2\/posts\/1711\/revisions\/1715"}],"wp:attachment":[{"href":"https:\/\/ofycumi.com\/index.php\/wp-json\/wp\/v2\/media?parent=1711"}],"wp:term":[{"taxonomy":"category","embeddable":true,"href":"https:\/\/ofycumi.com\/index.php\/wp-json\/wp\/v2\/categories?post=1711"},{"taxonomy":"post_tag","embeddable":true,"href":"https:\/\/ofycumi.com\/index.php\/wp-json\/wp\/v2\/tags?post=1711"}],"curies":[{"name":"wp","href":"https:\/\/api.w.org\/{rel}","templated":true}]}}